{"id":960,"date":"2016-05-18T18:14:25","date_gmt":"2016-05-18T16:14:25","guid":{"rendered":"http:\/\/www.monteilauvicomte.fr\/?p=960"},"modified":"2016-06-30T08:13:24","modified_gmt":"2016-06-30T06:13:24","slug":"theatre-salle-confluence","status":"publish","type":"post","link":"https:\/\/www.monteilauvicomte.fr\/?p=960","title":{"rendered":"Th\u00e9\u00e2tre salle Confluence"},"content":{"rendered":"<p style=\"text-align: center;\">VIE DE FAMILLE<br \/>\nCompagnie Traction &#8211; Claire Durand-Drouhin<br \/>\nSamedi 4 juin 19h30<br \/>\nDanse &#8211; Tout public \u2013 Dur\u00e9e : 1h<\/p>\n<p style=\"text-align: center;\"><span style=\"font-size: 18pt; font-family: georgia, palatino;\">Pendant cette soir\u00e9e, la buvette sera tenue par les b\u00e9n\u00e9voles\u00a0et au profit\u00a0de l&rsquo;association Les Amis des Tours, \u00e0 l&rsquo;occasion la maquette du ch\u00e2teau du Monteil au Vicomte sera expos\u00e9e dans le hall de la nouvelle salle culturelle.<\/span><\/p>\n<p style=\"text-align: justify;\">Danse brute et corps singuliers<br \/>\nUne tribu. Des individus qui vivent en confrontant leurs diff\u00e9rences. Deux patients psychiatriques. Quatre danseurs professionnels. Des moments de danse, des prises de paroles et des images vid\u00e9o captur\u00e9es du r\u00e9el. Entre la spontan\u00e9it\u00e9 des uns et la prudence des autres, comment parler du naturel de la vie sur une sc\u00e8ne de \u00ab spectacle \u00bb ? D\u2019apr\u00e8s les souvenirs d\u2019enfance de chacun, jaillit la danse, ou bien serait-ce l\u2019inverse ?<br \/>\nLes danseurs se d\u00e9marquent par leurs dissemblances. D\u2019origine, de couleurs, de corps, de v\u00e9cus, de cultures. Et ils s\u2019engagent de fa\u00e7on collective dans la recherche du mouvement. Telle une famille impossible (ou possible) ils \u00e9voluent du th\u00e9\u00e2tral vers le naturel. Au d\u00e9part ils sont maquill\u00e9s, unis par le jeu de personnage\u2026 Peu \u00e0 peu ils d\u00e9voilent leur visage, ils racontent certains de leurs souvenirs et ils montrent aussi qui ils sont en dehors de la sc\u00e8ne, par image vid\u00e9o.<br \/>\nChor\u00e9graphie Claire Durand-Drouhin<br \/>\nDanse Sylvain Blocquaux, Alain Chaussat, Claire Durand-Drouhin, Charles Essombe, Mai Ishiwata, Fran\u00e7oise Ruaud,<br \/>\nSon et image Guillaume Olmeta<br \/>\nLumi\u00e8re Vincent Goubet<br \/>\nMusiques Red Hot Chili Peppers, Bumcello, Zbigniew Preisner, Turibio Santos, Kodo<br \/>\nINFORMATION ET RESERVATION 05 55 54 04 95 \/ reservation.culture@ccbrv.fr<br \/>\nTarif plein : 12\u20ac<br \/>\nTarif r\u00e9duit* : 10\u20ac<br \/>\nTarif enfant (-12ans) : 4\u20ac<br \/>\nTarif famille : 14\u20ac (pour 2 adultes) + 2\u20ac (par enfant)<\/p>\n<p>*Etudiants, moins de 26 ans, plus de 65 ans, demandeurs d\u2019emploi, b\u00e9n\u00e9ficiaires de carte d\u2019invalidit\u00e9, sur pr\u00e9sentation d\u2019un billet d\u2019entr\u00e9e \u00e0 la maison Martin Nadaud.<\/p>\n<p>SALLE CULTURELLE CONFLUENCES<br \/>\nHall polyvalent Rouchon Maz\u00e9rat, La Grange Bonnyaud 23400 Bourganeuf<br \/>\nwww.cc-bourganeuf-royeredevassiviere.fr\/-Salle-culturelle-Confluences-<\/p>\n","protected":false},"excerpt":{"rendered":"<p>VIE DE FAMILLE Compagnie Traction &#8211; Claire Durand-Drouhin Samedi 4 juin 19h30 Danse &#8211; Tout public \u2013 Dur\u00e9e : 1h Pendant cette soir\u00e9e, la buvette sera tenue par les b\u00e9n\u00e9voles\u00a0et au profit\u00a0de l&rsquo;association Les Amis des Tours, \u00e0 l&rsquo;occasion la maquette du ch\u00e2teau du Monteil au Vicomte sera expos\u00e9e dans le hall de la nouvelle &hellip; <a href=\"https:\/\/www.monteilauvicomte.fr\/?p=960\" class=\"more-link\">Continuer la lecture de <span class=\"screen-reader-text\">Th\u00e9\u00e2tre salle Confluence<\/span>  <span class=\"meta-nav\">&rarr;<\/span><\/a><\/p>\n","protected":false},"author":1,"featured_media":961,"comment_status":"closed","ping_status":"closed","sticky":false,"template":"","format":"standard","meta":[],"categories":[1],"tags":[],"_links":{"self":[{"href":"https:\/\/www.monteilauvicomte.fr\/index.php?rest_route=\/wp\/v2\/posts\/960"}],"collection":[{"href":"https:\/\/www.monteilauvicomte.fr\/index.php?rest_route=\/wp\/v2\/posts"}],"about":[{"href":"https:\/\/www.monteilauvicomte.fr\/index.php?rest_route=\/wp\/v2\/types\/post"}],"author":[{"embeddable":true,"href":"https:\/\/www.monteilauvicomte.fr\/index.php?rest_route=\/wp\/v2\/users\/1"}],"replies":[{"embeddable":true,"href":"https:\/\/www.monteilauvicomte.fr\/index.php?rest_route=%2Fwp%2Fv2%2Fcomments&post=960"}],"version-history":[{"count":3,"href":"https:\/\/www.monteilauvicomte.fr\/index.php?rest_route=\/wp\/v2\/posts\/960\/revisions"}],"predecessor-version":[{"id":967,"href":"https:\/\/www.monteilauvicomte.fr\/index.php?rest_route=\/wp\/v2\/posts\/960\/revisions\/967"}],"wp:featuredmedia":[{"embeddable":true,"href":"https:\/\/www.monteilauvicomte.fr\/index.php?rest_route=\/wp\/v2\/media\/961"}],"wp:attachment":[{"href":"https:\/\/www.monteilauvicomte.fr\/index.php?rest_route=%2Fwp%2Fv2%2Fmedia&parent=960"}],"wp:term":[{"taxonomy":"category","embeddable":true,"href":"https:\/\/www.monteilauvicomte.fr\/index.php?rest_route=%2Fwp%2Fv2%2Fcategories&post=960"},{"taxonomy":"post_tag","embeddable":true,"href":"https:\/\/www.monteilauvicomte.fr\/index.php?rest_route=%2Fwp%2Fv2%2Ftags&post=960"}],"curies":[{"name":"wp","href":"https:\/\/api.w.org\/{rel}","templated":true}]}}