{"id":948,"date":"2016-04-22T16:25:45","date_gmt":"2016-04-22T14:25:45","guid":{"rendered":"http:\/\/www.monteilauvicomte.fr\/?p=948"},"modified":"2016-06-24T12:21:04","modified_gmt":"2016-06-24T10:21:04","slug":"les-encombrants-le-lundi-23-mai","status":"publish","type":"post","link":"https:\/\/www.monteilauvicomte.fr\/?p=948","title":{"rendered":"Encombrants le 23 mai"},"content":{"rendered":"<p>Comme chaque ann\u00e9e, merci la ComCom, un ramassage d&rsquo;encombrants est pr\u00e9vu le lundi 23 mai.<\/p>\n<p><a href=\"http:\/\/www.monteilauvicomte.fr\/wp-content\/uploads\/2016\/04\/Avis-encombrants.pdf\">Avis t\u00e9l\u00e9chargeable<\/a><\/p>\n<p>Il vous est possible de d\u00e9poser<span style=\"font-family: 'comic sans ms', sans-serif;\"><strong> la veille au soir<\/strong><\/span> vos objets entre les 2 rampes de la grange Vialle.<\/p>\n","protected":false},"excerpt":{"rendered":"<p>Comme chaque ann\u00e9e, merci la ComCom, un ramassage d&rsquo;encombrants est pr\u00e9vu le lundi 23 mai. Avis t\u00e9l\u00e9chargeable Il vous est possible de d\u00e9poser la veille au soir vos objets entre les 2 rampes de la grange Vialle.<\/p>\n","protected":false},"author":1,"featured_media":952,"comment_status":"closed","ping_status":"closed","sticky":false,"template":"","format":"standard","meta":[],"categories":[1],"tags":[],"_links":{"self":[{"href":"https:\/\/www.monteilauvicomte.fr\/index.php?rest_route=\/wp\/v2\/posts\/948"}],"collection":[{"href":"https:\/\/www.monteilauvicomte.fr\/index.php?rest_route=\/wp\/v2\/posts"}],"about":[{"href":"https:\/\/www.monteilauvicomte.fr\/index.php?rest_route=\/wp\/v2\/types\/post"}],"author":[{"embeddable":true,"href":"https:\/\/www.monteilauvicomte.fr\/index.php?rest_route=\/wp\/v2\/users\/1"}],"replies":[{"embeddable":true,"href":"https:\/\/www.monteilauvicomte.fr\/index.php?rest_route=%2Fwp%2Fv2%2Fcomments&post=948"}],"version-history":[{"count":3,"href":"https:\/\/www.monteilauvicomte.fr\/index.php?rest_route=\/wp\/v2\/posts\/948\/revisions"}],"predecessor-version":[{"id":951,"href":"https:\/\/www.monteilauvicomte.fr\/index.php?rest_route=\/wp\/v2\/posts\/948\/revisions\/951"}],"wp:featuredmedia":[{"embeddable":true,"href":"https:\/\/www.monteilauvicomte.fr\/index.php?rest_route=\/wp\/v2\/media\/952"}],"wp:attachment":[{"href":"https:\/\/www.monteilauvicomte.fr\/index.php?rest_route=%2Fwp%2Fv2%2Fmedia&parent=948"}],"wp:term":[{"taxonomy":"category","embeddable":true,"href":"https:\/\/www.monteilauvicomte.fr\/index.php?rest_route=%2Fwp%2Fv2%2Fcategories&post=948"},{"taxonomy":"post_tag","embeddable":true,"href":"https:\/\/www.monteilauvicomte.fr\/index.php?rest_route=%2Fwp%2Fv2%2Ftags&post=948"}],"curies":[{"name":"wp","href":"https:\/\/api.w.org\/{rel}","templated":true}]}}