{"id":945,"date":"2016-04-21T11:57:03","date_gmt":"2016-04-21T09:57:03","guid":{"rendered":"http:\/\/www.monteilauvicomte.fr\/?p=945"},"modified":"2016-05-19T15:29:21","modified_gmt":"2016-05-19T13:29:21","slug":"ag-des-amis-des-tours","status":"publish","type":"post","link":"https:\/\/www.monteilauvicomte.fr\/?p=945","title":{"rendered":"AG des Amis des Tours"},"content":{"rendered":"<p>L&rsquo;association Les Amis des Tours organise son assembl\u00e9e g\u00e9n\u00e9ral ce samedi 23 avril \u00e0 18 h au foyer rural.<\/p>\n<p>Venez nombreux, adh\u00e9rents, curieux, voir et \u00e9couter les activit\u00e9s pass\u00e9es et pr\u00e9vues.<\/p>\n<p><a href=\"http:\/\/www.monteilauvicomte.fr\/wp-content\/uploads\/2016\/04\/Bulletin-adh\u00e9sion-amis-des-tours.pdf\">Bulletin d&rsquo;adh\u00e9sion t\u00e9l\u00e9chargeable<\/a><\/p>\n<p>Un verre de l&rsquo;amiti\u00e9 cl\u00f4turera cette r\u00e9union<\/p>\n","protected":false},"excerpt":{"rendered":"<p>L&rsquo;association Les Amis des Tours organise son assembl\u00e9e g\u00e9n\u00e9ral ce samedi 23 avril \u00e0 18 h au foyer rural. Venez nombreux, adh\u00e9rents, curieux, voir et \u00e9couter les activit\u00e9s pass\u00e9es et pr\u00e9vues. Bulletin d&rsquo;adh\u00e9sion t\u00e9l\u00e9chargeable Un verre de l&rsquo;amiti\u00e9 cl\u00f4turera cette r\u00e9union<\/p>\n","protected":false},"author":1,"featured_media":944,"comment_status":"closed","ping_status":"closed","sticky":false,"template":"","format":"standard","meta":[],"categories":[1],"tags":[],"_links":{"self":[{"href":"https:\/\/www.monteilauvicomte.fr\/index.php?rest_route=\/wp\/v2\/posts\/945"}],"collection":[{"href":"https:\/\/www.monteilauvicomte.fr\/index.php?rest_route=\/wp\/v2\/posts"}],"about":[{"href":"https:\/\/www.monteilauvicomte.fr\/index.php?rest_route=\/wp\/v2\/types\/post"}],"author":[{"embeddable":true,"href":"https:\/\/www.monteilauvicomte.fr\/index.php?rest_route=\/wp\/v2\/users\/1"}],"replies":[{"embeddable":true,"href":"https:\/\/www.monteilauvicomte.fr\/index.php?rest_route=%2Fwp%2Fv2%2Fcomments&post=945"}],"version-history":[{"count":3,"href":"https:\/\/www.monteilauvicomte.fr\/index.php?rest_route=\/wp\/v2\/posts\/945\/revisions"}],"predecessor-version":[{"id":956,"href":"https:\/\/www.monteilauvicomte.fr\/index.php?rest_route=\/wp\/v2\/posts\/945\/revisions\/956"}],"wp:featuredmedia":[{"embeddable":true,"href":"https:\/\/www.monteilauvicomte.fr\/index.php?rest_route=\/wp\/v2\/media\/944"}],"wp:attachment":[{"href":"https:\/\/www.monteilauvicomte.fr\/index.php?rest_route=%2Fwp%2Fv2%2Fmedia&parent=945"}],"wp:term":[{"taxonomy":"category","embeddable":true,"href":"https:\/\/www.monteilauvicomte.fr\/index.php?rest_route=%2Fwp%2Fv2%2Fcategories&post=945"},{"taxonomy":"post_tag","embeddable":true,"href":"https:\/\/www.monteilauvicomte.fr\/index.php?rest_route=%2Fwp%2Fv2%2Ftags&post=945"}],"curies":[{"name":"wp","href":"https:\/\/api.w.org\/{rel}","templated":true}]}}