{"id":826,"date":"2015-12-11T13:23:44","date_gmt":"2015-12-11T12:23:44","guid":{"rendered":"http:\/\/www.monteilauvicomte.fr\/?p=826"},"modified":"2016-04-22T16:38:00","modified_gmt":"2016-04-22T14:38:00","slug":"festivites-de-fin-dannee","status":"publish","type":"post","link":"https:\/\/www.monteilauvicomte.fr\/?p=826","title":{"rendered":"Festivit\u00e9s de fin d&rsquo;ann\u00e9e"},"content":{"rendered":"<p style=\"text-align: justify;\">juste pour information<\/p>\n<p>Le 18 d\u00e9cembre vers 15h au foyer rural, les enfants de notre \u00e9cole seront g\u00e2t\u00e9s par le P\u00e8re Noel.<\/p>\n<p>En m\u00eame temps nos a\u00een\u00e9s de 65 ans (et plus) sont invit\u00e9s \u00e0 un go\u00fbter et recevront leur colis de Noel.<\/p>\n<p><a href=\"http:\/\/www.monteilauvicomte.fr\/wp-content\/uploads\/2015\/12\/affiche-19-d\u00e9cembre-2015.jpg\"><img loading=\"lazy\" class=\"  wp-image-834 aligncenter\" src=\"http:\/\/www.monteilauvicomte.fr\/wp-content\/uploads\/2015\/12\/affiche-19-d\u00e9cembre-2015-212x300.jpg\" alt=\"affiche 19 d\u00e9cembre 2015\" width=\"398\" height=\"563\" srcset=\"https:\/\/www.monteilauvicomte.fr\/wp-content\/uploads\/2015\/12\/affiche-19-d\u00e9cembre-2015-212x300.jpg 212w, https:\/\/www.monteilauvicomte.fr\/wp-content\/uploads\/2015\/12\/affiche-19-d\u00e9cembre-2015.jpg 620w\" sizes=\"(max-width: 398px) 100vw, 398px\" \/><\/a><\/p>\n<p style=\"text-align: justify;\">Le lendemain, samedi 19 d\u00e9cembre, les amis des Tours organisent \u00e0 partir de 16 h \u00e0 l&rsquo;\u00e9cole et au foyer rural un march\u00e9 de NOEL avec vin chaud.<\/p>\n<p style=\"text-align: justify;\">Un concert gratuit en habit se d\u00e9roulera ensuite vers 19h en notre \u00e9glise.<\/p>\n<p style=\"text-align: justify;\">Venez nombreux.<\/p>\n","protected":false},"excerpt":{"rendered":"<p>juste pour information Le 18 d\u00e9cembre vers 15h au foyer rural, les enfants de notre \u00e9cole seront g\u00e2t\u00e9s par le P\u00e8re Noel. En m\u00eame temps nos a\u00een\u00e9s de 65 ans (et plus) sont invit\u00e9s \u00e0 un go\u00fbter et recevront leur colis de Noel. Le lendemain, samedi 19 d\u00e9cembre, les amis des Tours organisent \u00e0 partir &hellip; <a href=\"https:\/\/www.monteilauvicomte.fr\/?p=826\" class=\"more-link\">Continuer la lecture de <span class=\"screen-reader-text\">Festivit\u00e9s de fin d&rsquo;ann\u00e9e<\/span>  <span class=\"meta-nav\">&rarr;<\/span><\/a><\/p>\n","protected":false},"author":1,"featured_media":10,"comment_status":"closed","ping_status":"closed","sticky":false,"template":"","format":"standard","meta":[],"categories":[1],"tags":[],"_links":{"self":[{"href":"https:\/\/www.monteilauvicomte.fr\/index.php?rest_route=\/wp\/v2\/posts\/826"}],"collection":[{"href":"https:\/\/www.monteilauvicomte.fr\/index.php?rest_route=\/wp\/v2\/posts"}],"about":[{"href":"https:\/\/www.monteilauvicomte.fr\/index.php?rest_route=\/wp\/v2\/types\/post"}],"author":[{"embeddable":true,"href":"https:\/\/www.monteilauvicomte.fr\/index.php?rest_route=\/wp\/v2\/users\/1"}],"replies":[{"embeddable":true,"href":"https:\/\/www.monteilauvicomte.fr\/index.php?rest_route=%2Fwp%2Fv2%2Fcomments&post=826"}],"version-history":[{"count":5,"href":"https:\/\/www.monteilauvicomte.fr\/index.php?rest_route=\/wp\/v2\/posts\/826\/revisions"}],"predecessor-version":[{"id":836,"href":"https:\/\/www.monteilauvicomte.fr\/index.php?rest_route=\/wp\/v2\/posts\/826\/revisions\/836"}],"wp:featuredmedia":[{"embeddable":true,"href":"https:\/\/www.monteilauvicomte.fr\/index.php?rest_route=\/wp\/v2\/media\/10"}],"wp:attachment":[{"href":"https:\/\/www.monteilauvicomte.fr\/index.php?rest_route=%2Fwp%2Fv2%2Fmedia&parent=826"}],"wp:term":[{"taxonomy":"category","embeddable":true,"href":"https:\/\/www.monteilauvicomte.fr\/index.php?rest_route=%2Fwp%2Fv2%2Fcategories&post=826"},{"taxonomy":"post_tag","embeddable":true,"href":"https:\/\/www.monteilauvicomte.fr\/index.php?rest_route=%2Fwp%2Fv2%2Ftags&post=826"}],"curies":[{"name":"wp","href":"https:\/\/api.w.org\/{rel}","templated":true}]}}