{"id":815,"date":"2015-11-02T14:47:54","date_gmt":"2015-11-02T12:47:54","guid":{"rendered":"http:\/\/www.monteilauvicomte.fr\/?p=815"},"modified":"2016-11-22T11:52:34","modified_gmt":"2016-11-22T09:52:34","slug":"la-toussaint-au-monteil","status":"publish","type":"post","link":"https:\/\/www.monteilauvicomte.fr\/?p=815","title":{"rendered":"La Toussaint au Monteil"},"content":{"rendered":"<p style=\"text-align: justify;\">Vous \u00eates venus nombreux fleurir les tombes familiales en ce Toussaint 2015, Vous avez vu l&rsquo;effort effectu\u00e9 sur l&rsquo;entretien des cimeti\u00e8res, Ce r\u00e9sultat a \u00e9t\u00e9 obtenu par pratiquement un mois de travail par notre cantonnier et\u00a0pendant son arr\u00eat, par son rempla\u00e7ant de Chavanat.<\/p>\n<p style=\"text-align: justify;\">Comme vous le savez, nous anticipons les interdictions d&rsquo;usage de pesticides, la commune adh\u00e8re \u00e0 la d\u00e9marche \u00ab\u00a0Z\u00e9ro pesticide\u00a0\u00bb. Cette d\u00e9marche est fortement conseill\u00e9e par le d\u00e9partement et l&rsquo;Agence de bassin (gestionnaire de l&rsquo;eau potable), avec des aides sous forme de diagnostique communal gratuit, et de subventions pour les \u00e9quipements sp\u00e9cifiques.<\/p>\n<p style=\"text-align: justify;\">De plus un r\u00e8glement de cimeti\u00e8re rappellera \u00e0 chacun ses droits et ses devoirs, notamment sur les plantations d&rsquo;arbustes dans les all\u00e9es.<\/p>\n<p style=\"text-align: justify;\"><a href=\"http:\/\/www.monteilauvicomte.fr\/wp-content\/uploads\/2015\/11\/panneau_cimetiere_1_1.jpg\"><img loading=\"lazy\" class=\" size-medium wp-image-818 aligncenter\" src=\"http:\/\/www.monteilauvicomte.fr\/wp-content\/uploads\/2015\/11\/panneau_cimetiere_1_1-300x212.jpg\" alt=\"panneau_cimetiere_1_1\" width=\"300\" height=\"212\" srcset=\"https:\/\/www.monteilauvicomte.fr\/wp-content\/uploads\/2015\/11\/panneau_cimetiere_1_1-300x212.jpg 300w, https:\/\/www.monteilauvicomte.fr\/wp-content\/uploads\/2015\/11\/panneau_cimetiere_1_1-1024x724.jpg 1024w, https:\/\/www.monteilauvicomte.fr\/wp-content\/uploads\/2015\/11\/panneau_cimetiere_1_1.jpg 1241w\" sizes=\"(max-width: 300px) 100vw, 300px\" \/><\/a><\/p>\n<p style=\"text-align: justify;\">Le diagnostique r\u00e9dig\u00e9 suite \u00e0 une visite de notre commune est disponible en Mairie, les pr\u00e9conisations sont globales sur la Commune.<\/p>\n","protected":false},"excerpt":{"rendered":"<p>Vous \u00eates venus nombreux fleurir les tombes familiales en ce Toussaint 2015, Vous avez vu l&rsquo;effort effectu\u00e9 sur l&rsquo;entretien des cimeti\u00e8res, Ce r\u00e9sultat a \u00e9t\u00e9 obtenu par pratiquement un mois de travail par notre cantonnier et\u00a0pendant son arr\u00eat, par son rempla\u00e7ant de Chavanat. Comme vous le savez, nous anticipons les interdictions d&rsquo;usage de pesticides, la &hellip; <a href=\"https:\/\/www.monteilauvicomte.fr\/?p=815\" class=\"more-link\">Continuer la lecture de <span class=\"screen-reader-text\">La Toussaint au Monteil<\/span>  <span class=\"meta-nav\">&rarr;<\/span><\/a><\/p>\n","protected":false},"author":1,"featured_media":818,"comment_status":"closed","ping_status":"closed","sticky":false,"template":"","format":"standard","meta":[],"categories":[1],"tags":[],"_links":{"self":[{"href":"https:\/\/www.monteilauvicomte.fr\/index.php?rest_route=\/wp\/v2\/posts\/815"}],"collection":[{"href":"https:\/\/www.monteilauvicomte.fr\/index.php?rest_route=\/wp\/v2\/posts"}],"about":[{"href":"https:\/\/www.monteilauvicomte.fr\/index.php?rest_route=\/wp\/v2\/types\/post"}],"author":[{"embeddable":true,"href":"https:\/\/www.monteilauvicomte.fr\/index.php?rest_route=\/wp\/v2\/users\/1"}],"replies":[{"embeddable":true,"href":"https:\/\/www.monteilauvicomte.fr\/index.php?rest_route=%2Fwp%2Fv2%2Fcomments&post=815"}],"version-history":[{"count":4,"href":"https:\/\/www.monteilauvicomte.fr\/index.php?rest_route=\/wp\/v2\/posts\/815\/revisions"}],"predecessor-version":[{"id":820,"href":"https:\/\/www.monteilauvicomte.fr\/index.php?rest_route=\/wp\/v2\/posts\/815\/revisions\/820"}],"wp:featuredmedia":[{"embeddable":true,"href":"https:\/\/www.monteilauvicomte.fr\/index.php?rest_route=\/wp\/v2\/media\/818"}],"wp:attachment":[{"href":"https:\/\/www.monteilauvicomte.fr\/index.php?rest_route=%2Fwp%2Fv2%2Fmedia&parent=815"}],"wp:term":[{"taxonomy":"category","embeddable":true,"href":"https:\/\/www.monteilauvicomte.fr\/index.php?rest_route=%2Fwp%2Fv2%2Fcategories&post=815"},{"taxonomy":"post_tag","embeddable":true,"href":"https:\/\/www.monteilauvicomte.fr\/index.php?rest_route=%2Fwp%2Fv2%2Ftags&post=815"}],"curies":[{"name":"wp","href":"https:\/\/api.w.org\/{rel}","templated":true}]}}