{"id":383,"date":"2015-03-17T07:47:56","date_gmt":"2015-03-17T06:47:56","guid":{"rendered":"http:\/\/www.monteilauvicomte.fr\/?p=383"},"modified":"2015-05-12T13:30:59","modified_gmt":"2015-05-12T11:30:59","slug":"eclipse-vendredi-20-mars-a-10h30","status":"publish","type":"post","link":"https:\/\/www.monteilauvicomte.fr\/?p=383","title":{"rendered":"Eclipse vendredi 20 mars de 9h30 \u00e0 11h30"},"content":{"rendered":"<p><a href=\"http:\/\/www.monteilauvicomte.fr\/wp-content\/uploads\/2015\/03\/eclipse.png\"><img loading=\"lazy\" class=\" size-medium wp-image-385 aligncenter\" src=\"http:\/\/www.monteilauvicomte.fr\/wp-content\/uploads\/2015\/03\/eclipse-300x300.png\" alt=\"eclipse\" width=\"300\" height=\"300\" srcset=\"https:\/\/www.monteilauvicomte.fr\/wp-content\/uploads\/2015\/03\/eclipse-300x300.png 300w, https:\/\/www.monteilauvicomte.fr\/wp-content\/uploads\/2015\/03\/eclipse-150x150.png 150w, https:\/\/www.monteilauvicomte.fr\/wp-content\/uploads\/2015\/03\/eclipse.png 370w\" sizes=\"(max-width: 300px) 100vw, 300px\" \/><\/a>Vendredi une \u00e9clipse partielle sera\u00a0visible si les nuages le permettent , .<\/p>\n<p>On a r\u00e9ussi \u00e0 voir \u00e7a !!! entre 2 nuages.<img src=\"http:\/\/www.solareclipse2015.org.uk\/wp-content\/uploads\/2014\/06\/solar_eclipse_maximum.jpg\" alt=\"\" \/><\/p>\n<p>Attention \u00e0 \u00a0vos yeux. La boite \u00e0 chaussure avec un trou de cure dent sur un c\u00f4t\u00e9, et projection de l&rsquo;image invers\u00e9e sur le c\u00f4t\u00e9 oppos\u00e9 \u00e9vite la vision directe, et les d\u00e9g\u00e2ts ophtalmiques qui en d\u00e9coulent.<\/p>\n<p><a href=\"http:\/\/www.astrosurf.com\/rondi\/instru\/obseclipse\/\" target=\"_blank\">Le st\u00e9nop\u00e9<\/a><\/p>\n<p>&nbsp;<\/p>\n","protected":false},"excerpt":{"rendered":"<p>Vendredi une \u00e9clipse partielle sera\u00a0visible si les nuages le permettent , . On a r\u00e9ussi \u00e0 voir \u00e7a !!! entre 2 nuages. Attention \u00e0 \u00a0vos yeux. La boite \u00e0 chaussure avec un trou de cure dent sur un c\u00f4t\u00e9, et projection de l&rsquo;image invers\u00e9e sur le c\u00f4t\u00e9 oppos\u00e9 \u00e9vite la vision directe, et les d\u00e9g\u00e2ts &hellip; <a href=\"https:\/\/www.monteilauvicomte.fr\/?p=383\" class=\"more-link\">Continuer la lecture de <span class=\"screen-reader-text\">Eclipse vendredi 20 mars de 9h30 \u00e0 11h30<\/span>  <span class=\"meta-nav\">&rarr;<\/span><\/a><\/p>\n","protected":false},"author":1,"featured_media":0,"comment_status":"closed","ping_status":"closed","sticky":false,"template":"","format":"standard","meta":[],"categories":[1],"tags":[],"_links":{"self":[{"href":"https:\/\/www.monteilauvicomte.fr\/index.php?rest_route=\/wp\/v2\/posts\/383"}],"collection":[{"href":"https:\/\/www.monteilauvicomte.fr\/index.php?rest_route=\/wp\/v2\/posts"}],"about":[{"href":"https:\/\/www.monteilauvicomte.fr\/index.php?rest_route=\/wp\/v2\/types\/post"}],"author":[{"embeddable":true,"href":"https:\/\/www.monteilauvicomte.fr\/index.php?rest_route=\/wp\/v2\/users\/1"}],"replies":[{"embeddable":true,"href":"https:\/\/www.monteilauvicomte.fr\/index.php?rest_route=%2Fwp%2Fv2%2Fcomments&post=383"}],"version-history":[{"count":9,"href":"https:\/\/www.monteilauvicomte.fr\/index.php?rest_route=\/wp\/v2\/posts\/383\/revisions"}],"predecessor-version":[{"id":617,"href":"https:\/\/www.monteilauvicomte.fr\/index.php?rest_route=\/wp\/v2\/posts\/383\/revisions\/617"}],"wp:attachment":[{"href":"https:\/\/www.monteilauvicomte.fr\/index.php?rest_route=%2Fwp%2Fv2%2Fmedia&parent=383"}],"wp:term":[{"taxonomy":"category","embeddable":true,"href":"https:\/\/www.monteilauvicomte.fr\/index.php?rest_route=%2Fwp%2Fv2%2Fcategories&post=383"},{"taxonomy":"post_tag","embeddable":true,"href":"https:\/\/www.monteilauvicomte.fr\/index.php?rest_route=%2Fwp%2Fv2%2Ftags&post=383"}],"curies":[{"name":"wp","href":"https:\/\/api.w.org\/{rel}","templated":true}]}}