{"id":289,"date":"2015-02-12T16:25:45","date_gmt":"2015-02-12T15:25:45","guid":{"rendered":"http:\/\/www.monteilauvicomte.fr\/?p=289"},"modified":"2015-05-12T13:37:58","modified_gmt":"2015-05-12T11:37:58","slug":"le-654-est-a-vendre","status":"publish","type":"post","link":"https:\/\/www.monteilauvicomte.fr\/?p=289","title":{"rendered":"Le 654 est \u00e0 vendre"},"content":{"rendered":"<p style=\"text-align: justify;\"><span style=\"color: #ff0000;\">L&rsquo;ancien tracteur communal a fait son temps et va profiter d&rsquo;une belle retraite. \u00a0Ses 13 800 heures sont \u00e0 vendre sur le Bon Coin pour 2100 \u20ac n\u00e9gociables. Faites votre offre !!!<\/span><\/p>\n<p style=\"text-align: justify;\">Une offre \u00e0 \u00a02500 \u20ac a \u00a0\u00e9t\u00e9 re\u00e7ue \u00e0 \u00a019h30 ce 12 f\u00e9vrier, une autre \u00e0 \u00a02600 le 13\/02 \u00e0 11h30.<\/p>\n<p style=\"text-align: justify;\">Le ch\u00e8que de 2600\u20ac est arriv\u00e9 le 25\/02, son nouveau propri\u00e9taire, originaire de l&rsquo;Ain, viendra le chercher prochainement.<\/p>\n","protected":false},"excerpt":{"rendered":"<p>L&rsquo;ancien tracteur communal a fait son temps et va profiter d&rsquo;une belle retraite. \u00a0Ses 13 800 heures sont \u00e0 vendre sur le Bon Coin pour 2100 \u20ac n\u00e9gociables. Faites votre offre !!! Une offre \u00e0 \u00a02500 \u20ac a \u00a0\u00e9t\u00e9 re\u00e7ue \u00e0 \u00a019h30 ce 12 f\u00e9vrier, une autre \u00e0 \u00a02600 le 13\/02 \u00e0 11h30. Le ch\u00e8que &hellip; <a href=\"https:\/\/www.monteilauvicomte.fr\/?p=289\" class=\"more-link\">Continuer la lecture de <span class=\"screen-reader-text\">Le 654 est \u00e0 vendre<\/span>  <span class=\"meta-nav\">&rarr;<\/span><\/a><\/p>\n","protected":false},"author":1,"featured_media":290,"comment_status":"closed","ping_status":"closed","sticky":false,"template":"","format":"standard","meta":[],"categories":[1],"tags":[],"_links":{"self":[{"href":"https:\/\/www.monteilauvicomte.fr\/index.php?rest_route=\/wp\/v2\/posts\/289"}],"collection":[{"href":"https:\/\/www.monteilauvicomte.fr\/index.php?rest_route=\/wp\/v2\/posts"}],"about":[{"href":"https:\/\/www.monteilauvicomte.fr\/index.php?rest_route=\/wp\/v2\/types\/post"}],"author":[{"embeddable":true,"href":"https:\/\/www.monteilauvicomte.fr\/index.php?rest_route=\/wp\/v2\/users\/1"}],"replies":[{"embeddable":true,"href":"https:\/\/www.monteilauvicomte.fr\/index.php?rest_route=%2Fwp%2Fv2%2Fcomments&post=289"}],"version-history":[{"count":8,"href":"https:\/\/www.monteilauvicomte.fr\/index.php?rest_route=\/wp\/v2\/posts\/289\/revisions"}],"predecessor-version":[{"id":623,"href":"https:\/\/www.monteilauvicomte.fr\/index.php?rest_route=\/wp\/v2\/posts\/289\/revisions\/623"}],"wp:featuredmedia":[{"embeddable":true,"href":"https:\/\/www.monteilauvicomte.fr\/index.php?rest_route=\/wp\/v2\/media\/290"}],"wp:attachment":[{"href":"https:\/\/www.monteilauvicomte.fr\/index.php?rest_route=%2Fwp%2Fv2%2Fmedia&parent=289"}],"wp:term":[{"taxonomy":"category","embeddable":true,"href":"https:\/\/www.monteilauvicomte.fr\/index.php?rest_route=%2Fwp%2Fv2%2Fcategories&post=289"},{"taxonomy":"post_tag","embeddable":true,"href":"https:\/\/www.monteilauvicomte.fr\/index.php?rest_route=%2Fwp%2Fv2%2Ftags&post=289"}],"curies":[{"name":"wp","href":"https:\/\/api.w.org\/{rel}","templated":true}]}}