{"id":1697,"date":"2025-09-04T18:15:43","date_gmt":"2025-09-04T16:15:43","guid":{"rendered":"https:\/\/www.monteilauvicomte.fr\/?p=1697"},"modified":"2025-09-24T16:00:57","modified_gmt":"2025-09-24T14:00:57","slug":"defile-de-tracteurs-decores-le-6-decembre-et-repas","status":"publish","type":"post","link":"https:\/\/www.monteilauvicomte.fr\/?p=1697","title":{"rendered":"D\u00e9fil\u00e9 de tracteurs d\u00e9cor\u00e9s le 6 d\u00e9cembre et repas, partenaire T\u00e9l\u00e9thon"},"content":{"rendered":"<p><img class=\"aligncenter\" src=\"http:\/\/www.monteilauvicomte.fr\/wp-content\/uploads\/2025\/09\/logo-Telethon.jpg\" alt=\"\" \/><\/p>\n<p style=\"text-align: justify;\">Puisque le T\u00e9l\u00e9thon se d\u00e9roule les 5 et 6 d\u00e9cembre, le Comit\u00e9 des F\u00eates s&rsquo;est propos\u00e9 d&rsquo;\u00eatre partenaire de cet \u00e9v\u00e9nement national.<\/p>\n<p><img class=\"aligncenter\" src=\"http:\/\/www.monteilauvicomte.fr\/wp-content\/uploads\/2025\/09\/tracteur-3.jpg\" alt=\"\" \/><\/p>\n<p style=\"text-align: justify;\">L&rsquo;organisation du d\u00e9fil\u00e9 de tracteur dans le village servira de support \u00e0 cette manifestation. Les tracteurs d\u00e9cor\u00e9s par leur propri\u00e9taires seront gar\u00e9s devant la Mairie et l&rsquo;\u00e9cole o\u00f9 vin chaud et boissons fra\u00eeches seront disponibles.<\/p>\n<p style=\"text-align: justify;\"><a href=\"http:\/\/www.monteilauvicomte.fr\/wp-content\/uploads\/2025\/09\/tracteur-2.jpg\"><img class=\"aligncenter\" src=\"http:\/\/www.monteilauvicomte.fr\/wp-content\/uploads\/2025\/09\/tracteur-2.jpg\" alt=\"\" \/><\/a><\/p>\n<p style=\"text-align: justify;\">Un premier d\u00e9fil\u00e9 \u00e0 17h30 passera devant l&rsquo;EHPAD\u00a0 pour s&rsquo;adapter aux horaires des a\u00een\u00e9s, et un second d\u00e9fil\u00e9 aura lieu \u00e0 18h 30.<\/p>\n<p style=\"text-align: justify;\">Un repas est organis\u00e9 \u00e0 la suite dans la salle polyvalente de la FOL. Entr\u00e9e, tartiflette et b\u00fbche de No\u00ebl seront accompagn\u00e9 d&rsquo;une animation musicale pour 16 \u20ac, et 10 \u20ac les moins de 10 ans.<\/p>\n<p style=\"text-align: justify;\">Le type de participation aux dons est en cours de d\u00e9termination avec les instances du T\u00e9l\u00e9thon, mais ne modifiera pas les prix annonc\u00e9s.<\/p>\n<p style=\"text-align: justify;\">Pensez \u00e0 r\u00e9server au 06 49 56 67 83 en direct ou par SMS, on peut livrer \u00e0 domicile.<\/p>\n","protected":false},"excerpt":{"rendered":"<p>Puisque le T\u00e9l\u00e9thon se d\u00e9roule les 5 et 6 d\u00e9cembre, le Comit\u00e9 des F\u00eates s&rsquo;est propos\u00e9 d&rsquo;\u00eatre partenaire de cet \u00e9v\u00e9nement national. L&rsquo;organisation du d\u00e9fil\u00e9 de tracteur dans le village servira de support \u00e0 cette manifestation. Les tracteurs d\u00e9cor\u00e9s par leur propri\u00e9taires seront gar\u00e9s devant la Mairie et l&rsquo;\u00e9cole o\u00f9 vin chaud et boissons fra\u00eeches &hellip; <a href=\"https:\/\/www.monteilauvicomte.fr\/?p=1697\" class=\"more-link\">Continuer la lecture de <span class=\"screen-reader-text\">D\u00e9fil\u00e9 de tracteurs d\u00e9cor\u00e9s le 6 d\u00e9cembre et repas, partenaire T\u00e9l\u00e9thon<\/span>  <span class=\"meta-nav\">&rarr;<\/span><\/a><\/p>\n","protected":false},"author":1,"featured_media":1715,"comment_status":"closed","ping_status":"closed","sticky":true,"template":"","format":"standard","meta":[],"categories":[1],"tags":[],"_links":{"self":[{"href":"https:\/\/www.monteilauvicomte.fr\/index.php?rest_route=\/wp\/v2\/posts\/1697"}],"collection":[{"href":"https:\/\/www.monteilauvicomte.fr\/index.php?rest_route=\/wp\/v2\/posts"}],"about":[{"href":"https:\/\/www.monteilauvicomte.fr\/index.php?rest_route=\/wp\/v2\/types\/post"}],"author":[{"embeddable":true,"href":"https:\/\/www.monteilauvicomte.fr\/index.php?rest_route=\/wp\/v2\/users\/1"}],"replies":[{"embeddable":true,"href":"https:\/\/www.monteilauvicomte.fr\/index.php?rest_route=%2Fwp%2Fv2%2Fcomments&post=1697"}],"version-history":[{"count":12,"href":"https:\/\/www.monteilauvicomte.fr\/index.php?rest_route=\/wp\/v2\/posts\/1697\/revisions"}],"predecessor-version":[{"id":1721,"href":"https:\/\/www.monteilauvicomte.fr\/index.php?rest_route=\/wp\/v2\/posts\/1697\/revisions\/1721"}],"wp:featuredmedia":[{"embeddable":true,"href":"https:\/\/www.monteilauvicomte.fr\/index.php?rest_route=\/wp\/v2\/media\/1715"}],"wp:attachment":[{"href":"https:\/\/www.monteilauvicomte.fr\/index.php?rest_route=%2Fwp%2Fv2%2Fmedia&parent=1697"}],"wp:term":[{"taxonomy":"category","embeddable":true,"href":"https:\/\/www.monteilauvicomte.fr\/index.php?rest_route=%2Fwp%2Fv2%2Fcategories&post=1697"},{"taxonomy":"post_tag","embeddable":true,"href":"https:\/\/www.monteilauvicomte.fr\/index.php?rest_route=%2Fwp%2Fv2%2Ftags&post=1697"}],"curies":[{"name":"wp","href":"https:\/\/api.w.org\/{rel}","templated":true}]}}