{"id":1566,"date":"2019-06-14T19:03:39","date_gmt":"2019-06-14T17:03:39","guid":{"rendered":"http:\/\/www.monteilauvicomte.fr\/?p=1566"},"modified":"2020-03-15T13:40:35","modified_gmt":"2020-03-15T12:40:35","slug":"la-fete-de-la-rando-le-16-juin","status":"publish","type":"post","link":"https:\/\/www.monteilauvicomte.fr\/?p=1566","title":{"rendered":""},"content":{"rendered":"<p style=\"text-align: justify;\">Un peu de rel\u00e2chement dans la tenue de ce site, mais beaucoup de t\u00e2ches en amont. Le suivi des march\u00e9s de mises aux normes de notre r\u00e9seau d&rsquo;eau, l&rsquo;enfouissement des lignes \u00e9lectriques et un nouvel \u00e9clairage public, des cimeti\u00e8res r\u00e9am\u00e9nag\u00e9s. Une \u00e9glise de Ch\u00e2tain mise en s\u00e9curit\u00e9, l\u00e0 dessus un IME qui nous quitte, et la gestion du devenir des b\u00e2timents, etc&#8230; etc&#8230;, les Europ\u00e9ennes, la gestion de notre for\u00eat, des achats de terrain, un liquidateur qui fait du z\u00e8le, et des murs qui s&rsquo;\u00e9croulent.<\/p>\n<p style=\"text-align: justify;\">\u00a0 Voil\u00e0 on est pas rest\u00e9 les bras crois\u00e9s, d&rsquo;autant que votre Maire a eu un premier petit-fils&#8230;<\/p>\n<p style=\"text-align: justify;\">Bref, on reprend les activit\u00e9s festives puisque l&rsquo;\u00e9t\u00e9 est \u00e0 notre porte.<\/p>\n<p style=\"text-align: justify;\">Organis\u00e9 par l&rsquo;office du Tourisme, la Municipalit\u00e9 et les amis des tours, la F\u00eate de la Randonn\u00e9e se passe cette ann\u00e9e autour de notre Monteil au Vicomte.<\/p>\n<p style=\"text-align: justify;\">On se souhaite une belle journ\u00e9e avec un super temps command\u00e9 pour l&rsquo;occasion.<\/p>\n<p><img loading=\"lazy\" class=\"\" src=\"http:\/\/www.monteilauvicomte.fr\/wp-content\/uploads\/2019\/06\/rando-1.jpg\" alt=\"\" width=\"623\" height=\"438\" \/><\/p>\n<p>&nbsp;<\/p>\n<p><img src=\"http:\/\/www.monteilauvicomte.fr\/wp-content\/uploads\/2019\/06\/rando-2.jpg\" alt=\"\" \/><\/p>\n<p style=\"text-align: justify;\">Ce dimanche 16 juin d\u00e9s 7 heures acceuil des participants, caf\u00e9 th\u00e9 cakes, d\u00e9part des randos, midi couscoussade monstre pour 120 personnes dans la cours de l&rsquo;\u00e9cole sous les chapiteaux, avec danses folkloriques puis encore rando pour grands et petits, go\u00fbter au retour des \u00e2nes.<\/p>\n<p style=\"text-align: justify;\">Pot de cl\u00f4ture vers 17h30 avec tous les sympathisants, b\u00e9n\u00e9voles et officiels.<\/p>\n<p style=\"text-align: justify;\">Merci aux nombreuses bonnes volont\u00e9s de Roy\u00e8re, Vidaillat Pontarion, Chavanat St Pierre Sardent et Monteil bien s\u00fbr.<\/p>\n<p style=\"text-align: justify;\">La suite le samedi 20 juillet on retourne aux sources avec une ballade nocturne autour du Monteil avec rendez-vous aux pieds des Tours.<\/p>\n<p>Et quand vient le soir, tout devient \u00e9trange&#8230;.<\/p>\n","protected":false},"excerpt":{"rendered":"<p>Un peu de rel\u00e2chement dans la tenue de ce site, mais beaucoup de t\u00e2ches en amont. Le suivi des march\u00e9s de mises aux normes de notre r\u00e9seau d&rsquo;eau, l&rsquo;enfouissement des lignes \u00e9lectriques et un nouvel \u00e9clairage public, des cimeti\u00e8res r\u00e9am\u00e9nag\u00e9s. Une \u00e9glise de Ch\u00e2tain mise en s\u00e9curit\u00e9, l\u00e0 dessus un IME qui nous quitte, et &hellip; <a href=\"https:\/\/www.monteilauvicomte.fr\/?p=1566\" class=\"more-link\">Continuer la lecture de <span class=\"screen-reader-text\"><\/span>  <span class=\"meta-nav\">&rarr;<\/span><\/a><\/p>\n","protected":false},"author":1,"featured_media":1572,"comment_status":"closed","ping_status":"closed","sticky":false,"template":"","format":"standard","meta":[],"categories":[1],"tags":[],"_links":{"self":[{"href":"https:\/\/www.monteilauvicomte.fr\/index.php?rest_route=\/wp\/v2\/posts\/1566"}],"collection":[{"href":"https:\/\/www.monteilauvicomte.fr\/index.php?rest_route=\/wp\/v2\/posts"}],"about":[{"href":"https:\/\/www.monteilauvicomte.fr\/index.php?rest_route=\/wp\/v2\/types\/post"}],"author":[{"embeddable":true,"href":"https:\/\/www.monteilauvicomte.fr\/index.php?rest_route=\/wp\/v2\/users\/1"}],"replies":[{"embeddable":true,"href":"https:\/\/www.monteilauvicomte.fr\/index.php?rest_route=%2Fwp%2Fv2%2Fcomments&post=1566"}],"version-history":[{"count":13,"href":"https:\/\/www.monteilauvicomte.fr\/index.php?rest_route=\/wp\/v2\/posts\/1566\/revisions"}],"predecessor-version":[{"id":1583,"href":"https:\/\/www.monteilauvicomte.fr\/index.php?rest_route=\/wp\/v2\/posts\/1566\/revisions\/1583"}],"wp:featuredmedia":[{"embeddable":true,"href":"https:\/\/www.monteilauvicomte.fr\/index.php?rest_route=\/wp\/v2\/media\/1572"}],"wp:attachment":[{"href":"https:\/\/www.monteilauvicomte.fr\/index.php?rest_route=%2Fwp%2Fv2%2Fmedia&parent=1566"}],"wp:term":[{"taxonomy":"category","embeddable":true,"href":"https:\/\/www.monteilauvicomte.fr\/index.php?rest_route=%2Fwp%2Fv2%2Fcategories&post=1566"},{"taxonomy":"post_tag","embeddable":true,"href":"https:\/\/www.monteilauvicomte.fr\/index.php?rest_route=%2Fwp%2Fv2%2Ftags&post=1566"}],"curies":[{"name":"wp","href":"https:\/\/api.w.org\/{rel}","templated":true}]}}