{"id":1536,"date":"2019-01-15T07:51:11","date_gmt":"2019-01-15T06:51:11","guid":{"rendered":"http:\/\/www.monteilauvicomte.fr\/?p=1536"},"modified":"2021-11-13T16:59:38","modified_gmt":"2021-11-13T15:59:38","slug":"1536","status":"publish","type":"post","link":"https:\/\/www.monteilauvicomte.fr\/?p=1536","title":{"rendered":""},"content":{"rendered":"<p style=\"text-align: justify;\">Notre Fran\u00e7oise Leclerc communale, Secr\u00e9taire de Mairie depuis 8 ans nous quitte, et va poursuivre sa carri\u00e8re vers des cieux plus calmes. C&rsquo;est St\u00e9phanie Simondon qui va la remplacer.<\/p>\n<p style=\"text-align: justify;\"><a href=\"http:\/\/www.monteilauvicomte.fr\/wp-content\/uploads\/2019\/01\/secretaire.jpg\"><img src=\"http:\/\/www.monteilauvicomte.fr\/wp-content\/uploads\/2019\/01\/secretaire.jpg\" alt=\"\" \/><\/a>Un m\u00eame sourire vous acceuillera, et si \u00e0 ses d\u00e9buts le service risque d&rsquo;\u00eatre un peu moins rapide qu&rsquo;\u00e0 l&rsquo;accoutum\u00e9, p\u00e9riode d&rsquo;adaptation oblige, soyez indulgent.<\/p>\n<p style=\"text-align: justify;\">St\u00e9phanie sera \u00e0 votre service tous les matins, de 10 \u00e0 12 \u00e0 l&rsquo;agence postale, et les apr\u00e8s midi de 13 \u00e0 18 h pour les affaires de la Mairie, sauf les mercredi et vendredi.<\/p>\n<p style=\"text-align: justify;\">St\u00e9phanie vient de Roy\u00e8re et va reprendre le flambeau, apr\u00e8s plusieurs ann\u00e9es en temps que Secr\u00e9taire des Mairies de Beaumont et Roy\u00e8re.<\/p>\n<p style=\"text-align: justify;\">Un changement ne vient jamais seul, nous avons depuis d\u00e9but octobre un nouveau rempla\u00e7ant de Bernard Bayle, notre cantonnier titulaire, actuellement en cong\u00e9s longue maladie.<\/p>\n<p style=\"text-align: justify;\"><img class=\"aligncenter\" src=\"http:\/\/www.monteilauvicomte.fr\/wp-content\/uploads\/2019\/01\/Nicolas.jpg\" alt=\"\" \/><\/p>\n<p style=\"text-align: justify;\">Nicolas Couquet a su, par sa bonne humeur et son go\u00fbt du travail bien fait, rallier les suffrages de la population.<\/p>\n<p style=\"text-align: justify;\">Souhaitons leur \u00e0 tous deux\u00a0 la bienvenue.<\/p>\n<p>&nbsp;<\/p>\n","protected":false},"excerpt":{"rendered":"<p>Notre Fran\u00e7oise Leclerc communale, Secr\u00e9taire de Mairie depuis 8 ans nous quitte, et va poursuivre sa carri\u00e8re vers des cieux plus calmes. C&rsquo;est St\u00e9phanie Simondon qui va la remplacer. Un m\u00eame sourire vous acceuillera, et si \u00e0 ses d\u00e9buts le service risque d&rsquo;\u00eatre un peu moins rapide qu&rsquo;\u00e0 l&rsquo;accoutum\u00e9, p\u00e9riode d&rsquo;adaptation oblige, soyez indulgent. St\u00e9phanie &hellip; <a href=\"https:\/\/www.monteilauvicomte.fr\/?p=1536\" class=\"more-link\">Continuer la lecture de <span class=\"screen-reader-text\"><\/span>  <span class=\"meta-nav\">&rarr;<\/span><\/a><\/p>\n","protected":false},"author":1,"featured_media":1543,"comment_status":"closed","ping_status":"closed","sticky":false,"template":"","format":"standard","meta":[],"categories":[1],"tags":[],"_links":{"self":[{"href":"https:\/\/www.monteilauvicomte.fr\/index.php?rest_route=\/wp\/v2\/posts\/1536"}],"collection":[{"href":"https:\/\/www.monteilauvicomte.fr\/index.php?rest_route=\/wp\/v2\/posts"}],"about":[{"href":"https:\/\/www.monteilauvicomte.fr\/index.php?rest_route=\/wp\/v2\/types\/post"}],"author":[{"embeddable":true,"href":"https:\/\/www.monteilauvicomte.fr\/index.php?rest_route=\/wp\/v2\/users\/1"}],"replies":[{"embeddable":true,"href":"https:\/\/www.monteilauvicomte.fr\/index.php?rest_route=%2Fwp%2Fv2%2Fcomments&post=1536"}],"version-history":[{"count":10,"href":"https:\/\/www.monteilauvicomte.fr\/index.php?rest_route=\/wp\/v2\/posts\/1536\/revisions"}],"predecessor-version":[{"id":1562,"href":"https:\/\/www.monteilauvicomte.fr\/index.php?rest_route=\/wp\/v2\/posts\/1536\/revisions\/1562"}],"wp:featuredmedia":[{"embeddable":true,"href":"https:\/\/www.monteilauvicomte.fr\/index.php?rest_route=\/wp\/v2\/media\/1543"}],"wp:attachment":[{"href":"https:\/\/www.monteilauvicomte.fr\/index.php?rest_route=%2Fwp%2Fv2%2Fmedia&parent=1536"}],"wp:term":[{"taxonomy":"category","embeddable":true,"href":"https:\/\/www.monteilauvicomte.fr\/index.php?rest_route=%2Fwp%2Fv2%2Fcategories&post=1536"},{"taxonomy":"post_tag","embeddable":true,"href":"https:\/\/www.monteilauvicomte.fr\/index.php?rest_route=%2Fwp%2Fv2%2Ftags&post=1536"}],"curies":[{"name":"wp","href":"https:\/\/api.w.org\/{rel}","templated":true}]}}