{"id":1255,"date":"2017-06-18T07:47:45","date_gmt":"2017-06-18T06:47:45","guid":{"rendered":"http:\/\/www.monteilauvicomte.fr\/?p=1255"},"modified":"2017-06-26T15:39:48","modified_gmt":"2017-06-26T14:39:48","slug":"legislative-18-juin-2017-2eme-tour","status":"publish","type":"post","link":"https:\/\/www.monteilauvicomte.fr\/?p=1255","title":{"rendered":"L\u00e9gislative 18 juin 2017 2eme tour"},"content":{"rendered":"<p style=\"text-align: justify;\">Voici la derni\u00e8re ligne droite pour l&rsquo;\u00e9quipe municipal, 4 dimanches o\u00f9 la salle a \u00e9t\u00e9 pr\u00e9par\u00e9e \u00e0 l&rsquo;\u00e9v\u00e9nement, \u00a0les bulletins compt\u00e9s, la liste des votants, les procurations, etc etc&#8230;, et c&rsquo;est promis, la prochaine fois on change le rideau de l&rsquo;isoloir, 180 par 260, que Mme Guyot avait cousu en 1950.<\/p>\n<p style=\"text-align: justify;\">Bien s\u00fbr, nous avons le plaisir de rencontrer une bonne partie de la population, les nouveaux arrivants, les primo votants, les anciens &#8230;<\/p>\n<p style=\"text-align: justify;\">Bref au Monteil, il reste Moreau et Sauty, \u00e0 vos bulletins pour choisir votre prochain d\u00e9put\u00e9.<\/p>\n<p style=\"text-align: justify;\">Et la tradition est maintenue, 10 minutes avant l&rsquo;ouverture, il attendait devant la porte. Faut pas rigoler, \u00a0il doit \u00eatre le premier \u00e0 voter,<\/p>\n<p style=\"text-align: justify;\"><img loading=\"lazy\" id=\"__wp-temp-img-id\" src=\"http:\/\/www.monteilauvicomte.fr\/wp-content\/uploads\/2017\/06\/l\u00e9gislatives-2-eme-tour-2017.jpg\" alt=\"\" width=\"474\" height=\"356\" \/><\/p>\n<p style=\"text-align: justify;\">Il y a toujours 174 inscrits, top d\u00e9part&#8230;<\/p>\n<p style=\"text-align: justify;\">vous allez avoir la participation heure par heure.<\/p>\n<p style=\"text-align: justify;\">09 h \u00a0 \u00a0 \u00a0 \u00a0 \u00a0 \u00a0 \u00a0 \u00a0 \u00a0 \u00a0 \u00a0 \u00a0 \u00a0 \u00a0 \u00a0 \u00a0 \u00a0 \u00a0 \u00a0 \u00a0 \u00a0 \u00a09 \u00a0 \u00a0 \u00a0 \u00a0 \u00a0 \u00a0 \u00a0 \u00a0 \u00a0 5,17 %<\/p>\n<p style=\"text-align: justify;\">10 h \u00a0 \u00a0 \u00a0 \u00a0 \u00a0 \u00a0 \u00a0 \u00a0 \u00a0 \u00a0 \u00a0 \u00a0 \u00a0 \u00a0 \u00a0 \u00a0 \u00a0 \u00a0 \u00a0 \u00a0 18 \u00a0 \u00a0 \u00a0 \u00a0 \u00a0 \u00a0 \u00a0 \u00a0 \u00a010,34 %<\/p>\n<p style=\"text-align: justify;\">11 h \u00a0 \u00a0 \u00a0 \u00a0 \u00a0 \u00a0 \u00a0 \u00a0 \u00a0 \u00a0 \u00a0 \u00a0 \u00a0 \u00a0 \u00a0 \u00a0 \u00a0 \u00a0 \u00a0 \u00a0 28 \u00a0 \u00a0 \u00a0 \u00a0 \u00a0 \u00a0 \u00a0 \u00a0 \u00a016,09 %<\/p>\n<p style=\"text-align: justify;\">12 h \u00a0 \u00a0 \u00a0 \u00a0 \u00a0 \u00a0 \u00a0 \u00a0 \u00a0 \u00a0 \u00a0 \u00a0 \u00a0 \u00a0 \u00a0 \u00a0 \u00a0 \u00a0 \u00a0 \u00a0 \u00a042 \u00a0 \u00a0 \u00a0 \u00a0 \u00a0 \u00a0 \u00a0 \u00a0 \u00a024,13 % et 17,75 % au national<\/p>\n<p style=\"text-align: justify;\">13 h \u00a0 \u00a0 \u00a0 \u00a0 \u00a0 \u00a0 \u00a0 \u00a0 \u00a0 \u00a0 \u00a0 \u00a0 \u00a0 \u00a0 \u00a0 \u00a0 \u00a0 \u00a0 \u00a0 \u00a0 \u00a046 \u00a0 \u00a0 \u00a0 \u00a0 \u00a0 \u00a0 \u00a0 \u00a0 \u00a026,43 %<\/p>\n<p style=\"text-align: justify;\">14 h \u00a0 \u00a0 \u00a0 \u00a0 \u00a0 \u00a0 \u00a0 \u00a0 \u00a0 \u00a0 \u00a0 \u00a0 \u00a0 \u00a0 \u00a0 \u00a0 \u00a0 \u00a0 \u00a0 \u00a0 \u00a054 \u00a0 \u00a0 \u00a0 \u00a0 \u00a0 \u00a0 \u00a0 \u00a0 \u00a031,03 %<\/p>\n<p style=\"text-align: justify;\">15 h \u00a0 \u00a0 \u00a0 \u00a0 \u00a0 \u00a0 \u00a0 \u00a0 \u00a0 \u00a0 \u00a0 \u00a0 \u00a0 \u00a0 \u00a0 \u00a0 \u00a0 \u00a0 \u00a0 \u00a0 \u00a064 \u00a0 \u00a0 \u00a0 \u00a0 \u00a0 \u00a0 \u00a0 \u00a0 \u00a036,20 %<\/p>\n<p style=\"text-align: justify;\">16 h \u00a0 \u00a0 \u00a0 \u00a0 \u00a0 \u00a0 \u00a0 \u00a0 \u00a0 \u00a0 \u00a0 \u00a0 \u00a0 \u00a0 \u00a0 \u00a0 \u00a0 \u00a0 \u00a0 \u00a0 \u00a070 \u00a0 \u00a0 \u00a0 \u00a0 \u00a0 \u00a0 \u00a0 \u00a0 \u00a040,22 %<\/p>\n<p style=\"text-align: justify;\">17 h \u00a0 \u00a0 \u00a0 \u00a0 \u00a0 \u00a0 \u00a0 \u00a0 \u00a0 \u00a0 \u00a0 \u00a0 \u00a0 \u00a0 \u00a0 \u00a0 \u00a0 \u00a0 \u00a0 \u00a0 \u00a076 \u00a0 \u00a0 \u00a0 \u00a0 \u00a0 \u00a0 \u00a0 \u00a0 \u00a0 \u00a043,67 % et 35,33 % au national<\/p>\n<p style=\"text-align: justify;\">18 h \u00a0 \u00a0 \u00a0 \u00a0 \u00a0 \u00a0 \u00a0 \u00a0 \u00a0 \u00a0 \u00a0 \u00a0 \u00a0 \u00a0 \u00a0 \u00a0 \u00a0 \u00a0 \u00a0 \u00a0 \u00a0 84 \u00a0 \u00a0 \u00a0 \u00a0 \u00a0 \u00a0 \u00a0 \u00a0 \u00a0 \u00a048,27 %<\/p>\n<p style=\"text-align: justify;\">tr\u00e8s bas pour le Monteil !!!<\/p>\n<p style=\"text-align: justify;\">18 h 00, le scrutin est cl\u00f4t on passe au d\u00e9pouillement.<\/p>\n<p style=\"text-align: justify;\">Bulletins nuls \u00a0 \u00a0 \u00a0 \u00a0 \u00a0 \u00a0 \u00a0 \u00a0 \u00a0 \u00a0 \u00a0 \u00a0 \u00a0 \u00a0 \u00a0 \u00a0 \u00a07 \u00a0 \u00a0 \u00a0 \u00a0 \u00a0 \u00a0 \u00a0 9,45 %<\/p>\n<p style=\"text-align: justify;\">Bulletins blancs \u00a0 \u00a0 \u00a0 \u00a0 \u00a0 \u00a0 \u00a0 \u00a0 \u00a0 \u00a0 \u00a0 \u00a0 \u00a0 \u00a0 \u00a07 \u00a0 \u00a0 \u00a0 \u00a0 \u00a0 \u00a0 \u00a0 9,45 %<\/p>\n<p style=\"text-align: justify;\">exprim\u00e9s \u00a0 \u00a0 \u00a0 \u00a0 \u00a0 \u00a0 \u00a0 \u00a0 \u00a0 \u00a0 \u00a0 \u00a0 \u00a0 \u00a0 \u00a0 \u00a0 \u00a0 \u00a0 \u00a0 \u00a0 \u00a070<\/p>\n<p style=\"text-align: justify;\">Jean-Baptiste Moreau \u00a0 \u00a0 \u00a0 \u00a0 \u00a0 \u00a0 27 \u00a0 \u00a0 \u00a0 \u00a0 \u00a0 \u00a0 36,48 %<\/p>\n<p style=\"text-align: justify;\">J\u00e9r\u00e9my Sauty \u00a0 \u00a0 \u00a0 \u00a0 \u00a0 \u00a0 \u00a0 \u00a0 \u00a0 \u00a0 \u00a0 \u00a0 \u00a0 \u00a0 \u00a0 \u00a0 43 \u00a0 \u00a0 \u00a0 \u00a0 \u00a0 \u00a0 58,10 %<\/p>\n<p style=\"text-align: justify;\">Voil\u00e0, on am\u00e8ne les r\u00e9sultats \u00e0 la gendarmerie de Bourganeuf.<\/p>\n<p style=\"text-align: justify;\">\n","protected":false},"excerpt":{"rendered":"<p>Voici la derni\u00e8re ligne droite pour l&rsquo;\u00e9quipe municipal, 4 dimanches o\u00f9 la salle a \u00e9t\u00e9 pr\u00e9par\u00e9e \u00e0 l&rsquo;\u00e9v\u00e9nement, \u00a0les bulletins compt\u00e9s, la liste des votants, les procurations, etc etc&#8230;, et c&rsquo;est promis, la prochaine fois on change le rideau de l&rsquo;isoloir, 180 par 260, que Mme Guyot avait cousu en 1950. Bien s\u00fbr, nous avons &hellip; <a href=\"https:\/\/www.monteilauvicomte.fr\/?p=1255\" class=\"more-link\">Continuer la lecture de <span class=\"screen-reader-text\">L\u00e9gislative 18 juin 2017 2eme tour<\/span>  <span class=\"meta-nav\">&rarr;<\/span><\/a><\/p>\n","protected":false},"author":1,"featured_media":1156,"comment_status":"closed","ping_status":"closed","sticky":false,"template":"","format":"standard","meta":[],"categories":[1],"tags":[],"_links":{"self":[{"href":"https:\/\/www.monteilauvicomte.fr\/index.php?rest_route=\/wp\/v2\/posts\/1255"}],"collection":[{"href":"https:\/\/www.monteilauvicomte.fr\/index.php?rest_route=\/wp\/v2\/posts"}],"about":[{"href":"https:\/\/www.monteilauvicomte.fr\/index.php?rest_route=\/wp\/v2\/types\/post"}],"author":[{"embeddable":true,"href":"https:\/\/www.monteilauvicomte.fr\/index.php?rest_route=\/wp\/v2\/users\/1"}],"replies":[{"embeddable":true,"href":"https:\/\/www.monteilauvicomte.fr\/index.php?rest_route=%2Fwp%2Fv2%2Fcomments&post=1255"}],"version-history":[{"count":27,"href":"https:\/\/www.monteilauvicomte.fr\/index.php?rest_route=\/wp\/v2\/posts\/1255\/revisions"}],"predecessor-version":[{"id":1289,"href":"https:\/\/www.monteilauvicomte.fr\/index.php?rest_route=\/wp\/v2\/posts\/1255\/revisions\/1289"}],"wp:featuredmedia":[{"embeddable":true,"href":"https:\/\/www.monteilauvicomte.fr\/index.php?rest_route=\/wp\/v2\/media\/1156"}],"wp:attachment":[{"href":"https:\/\/www.monteilauvicomte.fr\/index.php?rest_route=%2Fwp%2Fv2%2Fmedia&parent=1255"}],"wp:term":[{"taxonomy":"category","embeddable":true,"href":"https:\/\/www.monteilauvicomte.fr\/index.php?rest_route=%2Fwp%2Fv2%2Fcategories&post=1255"},{"taxonomy":"post_tag","embeddable":true,"href":"https:\/\/www.monteilauvicomte.fr\/index.php?rest_route=%2Fwp%2Fv2%2Ftags&post=1255"}],"curies":[{"name":"wp","href":"https:\/\/api.w.org\/{rel}","templated":true}]}}