{"id":1221,"date":"2017-06-11T10:25:18","date_gmt":"2017-06-11T09:25:18","guid":{"rendered":"http:\/\/www.monteilauvicomte.fr\/?p=1221"},"modified":"2017-06-18T08:08:12","modified_gmt":"2017-06-18T07:08:12","slug":"legislative-11-juin-2017-1er-tour","status":"publish","type":"post","link":"https:\/\/www.monteilauvicomte.fr\/?p=1221","title":{"rendered":"L\u00e9gislative 11 juin 2017 1er tour"},"content":{"rendered":"<p>Emmanuel MACRON a \u00e9t\u00e9 \u00e9lu Pr\u00e9sident de la R\u00e9publique le 7 mai dernier, du moins au niveau national !!!<\/p>\n<p><img loading=\"lazy\" id=\"__wp-temp-img-id\" class=\" aligncenter\" src=\"http:\/\/www.monteilauvicomte.fr\/wp-content\/uploads\/2017\/06\/legislative-1er-tour-premier-votant.jpg\" alt=\"\" width=\"474\" height=\"356\" \/><\/p>\n<p>Sous un tr\u00e8s beau soleil, le bureau a ouvert \u00e0 huit heure, fid\u00e8le au poste, Pierrot, Christian, Jean-Fran\u00e7ois et Didier accueillent les \u00a0174 administr\u00e9s. Le dernier inscrit, Alexis, a eu 18 ans le 23 mai 2017.<\/p>\n<p>Et bien \u00e9videment, c&rsquo;est notre sympathique Herv\u00e9 qui met un point d&rsquo;honneur \u00e0 \u00eatre le premier \u00e0 voter, dont acte.<\/p>\n<p>Comme au niveau national, nous avons eu notre lot de tracas, bulletins d&rsquo;un candidat d&rsquo;un autre d\u00e9partement etc.. que nous avons g\u00e9r\u00e9 avec notre professionnalisme habituel.<\/p>\n<p>Voil\u00e0 les chiffres de la participation<\/p>\n<p>09 h \u00a0 \u00a0 \u00a0 \u00a0 \u00a0 \u00a0 \u00a0 \u00a0 \u00a0 \u00a0 \u00a0 \u00a0 \u00a0 \u00a0 \u00a0 \u00a0 \u00a0 \u00a0 12 \u00a0 \u00a0 \u00a0 \u00a0 \u00a0 \u00a0 \u00a0 \u00a0 \u00a0 \u00a0 \u00a0 \u00a06,89 %<\/p>\n<p>10 h \u00a0 \u00a0 \u00a0 \u00a0 \u00a0 \u00a0 \u00a0 \u00a0 \u00a0 \u00a0 \u00a0 \u00a0 \u00a0 \u00a0 \u00a0 \u00a0 \u00a0 \u00a0 18 \u00a0 \u00a0 \u00a0 \u00a0 \u00a0 \u00a0 \u00a0 \u00a0 \u00a0 \u00a0 \u00a010,34 %<\/p>\n<p>11 h \u00a0 \u00a0 \u00a0 \u00a0 \u00a0 \u00a0 \u00a0 \u00a0 \u00a0 \u00a0 \u00a0 \u00a0 \u00a0 \u00a0 \u00a0 \u00a0 \u00a0 \u00a0 34 \u00a0 \u00a0 \u00a0 \u00a0 \u00a0 \u00a0 \u00a0 \u00a0 \u00a0 \u00a0 \u00a019,54 %<\/p>\n<p>12 h \u00a0 \u00a0 \u00a0 \u00a0 \u00a0 \u00a0 \u00a0 \u00a0 \u00a0 \u00a0 \u00a0 \u00a0 \u00a0 \u00a0 \u00a0 \u00a0 \u00a0 \u00a0 51 \u00a0 \u00a0 \u00a0 \u00a0 \u00a0 \u00a0 \u00a0 \u00a0 \u00a0 \u00a0 \u00a0 29,31 % \u00a0 \u00a0 \u00a0 \u00a0 \u00a019,24 % national<\/p>\n<p>13h \u00a0 \u00a0 \u00a0 \u00a0 \u00a0 \u00a0 \u00a0 \u00a0 \u00a0 \u00a0 \u00a0 \u00a0 \u00a0 \u00a0 \u00a0 \u00a0 \u00a0 \u00a0 \u00a060 \u00a0 \u00a0 \u00a0 \u00a0 \u00a0 \u00a0 \u00a0 \u00a0 \u00a0 \u00a0 \u00a0 34,48 %<\/p>\n<p>14 h \u00a0 \u00a0 \u00a0 \u00a0 \u00a0 \u00a0 \u00a0 \u00a0 \u00a0 \u00a0 \u00a0 \u00a0 \u00a0 \u00a0 \u00a0 \u00a0 \u00a0 \u00a0 67 \u00a0 \u00a0 \u00a0 \u00a0 \u00a0 \u00a0 \u00a0 \u00a0 \u00a0 \u00a0 \u00a0 38,50 %<\/p>\n<p>15 h \u00a0 \u00a0 \u00a0 \u00a0 \u00a0 \u00a0 \u00a0 \u00a0 \u00a0 \u00a0 \u00a0 \u00a0 \u00a0 \u00a0 \u00a0 \u00a0 \u00a0 \u00a0 74 \u00a0 \u00a0 \u00a0 \u00a0 \u00a0 \u00a0 \u00a0 \u00a0 \u00a0 \u00a0 \u00a0 42,52 %<\/p>\n<p>16 h \u00a0 \u00a0 \u00a0 \u00a0 \u00a0 \u00a0 \u00a0 \u00a0 \u00a0 \u00a0 \u00a0 \u00a0 \u00a0 \u00a0 \u00a0 \u00a0 \u00a0 \u00a0 80 \u00a0 \u00a0 \u00a0 \u00a0 \u00a0 \u00a0 \u00a0 \u00a0 \u00a0 \u00a0 \u00a0 \u00a045,97 %<\/p>\n<p>17 h \u00a0 \u00a0 \u00a0 \u00a0 \u00a0 \u00a0 \u00a0 \u00a0 \u00a0 \u00a0 \u00a0 \u00a0 \u00a0 \u00a0 \u00a0 \u00a0 \u00a0 \u00a0 90 \u00a0 \u00a0 \u00a0 \u00a0 \u00a0 \u00a0 \u00a0 \u00a0 \u00a0 \u00a0 \u00a0 \u00a051,72 % \u00a0 \u00a0 \u00a040,75 % national<\/p>\n<p>18 h \u00a0 \u00a0 \u00a0 \u00a0 \u00a0 \u00a0 \u00a0 \u00a0 \u00a0 \u00a0 \u00a0 \u00a0 \u00a0 \u00a0 \u00a0 \u00a0 \u00a0 \u00a092\u00a0 \u00a0 \u00a0 \u00a0 \u00a0 \u00a0 \u00a0 \u00a0 \u00a0 \u00a0 \u00a0 \u00a0\u00a052,87 %<\/p>\n<p>D\u00e8s 18 h, le scrutin a \u00e9t\u00e9 cl\u00f4tur\u00e9, le d\u00e9pouillement a lieu, et les r\u00e9sultats sont :<\/p>\n<p>91 exprim\u00e9s dont<\/p>\n<p>Michel Vernier \u00a0 \u00a0 \u00a0 \u00a0 \u00a0 \u00a0 \u00a0 \u00a0 \u00a0 \u00a0 \u00a0 \u00a0 \u00a0 \u00a015<\/p>\n<p>Jean-Jacques Lacar\u00e8re \u00a0 \u00a0 \u00a0 \u00a0 \u00a0 0<\/p>\n<p>Jean-Baptiste Moreau \u00a0 \u00a0 \u00a0 \u00a0 \u00a0 11<\/p>\n<p>Claude Guerrier \u00a0 \u00a0 \u00a0 \u00a0 \u00a0 \u00a0 \u00a0 \u00a0 \u00a0 \u00a0 \u00a0 \u00a0 \u00a02<\/p>\n<p>V\u00e9ronique Dubeau-Valade \u00a0 \u00a00<\/p>\n<p>Martial Maume \u00a0 \u00a0 \u00a0 \u00a0 \u00a0 \u00a0 \u00a0 \u00a0 \u00a0 \u00a0 \u00a0 \u00a0 \u00a014<\/p>\n<p>Mich\u00e8le Mounier \u00a0 \u00a0 \u00a0 \u00a0 \u00a0 \u00a0 \u00a0 \u00a0 \u00a0 \u00a0 \u00a0 \u00a00<\/p>\n<p>Damien Demarigny \u00a0 \u00a0 \u00a0 \u00a0 \u00a0 \u00a0 \u00a0 \u00a0 \u00a0 2<\/p>\n<p>J\u00e9r\u00e9my Sauty \u00a0 \u00a0 \u00a0 \u00a0 \u00a0 \u00a0 \u00a0 \u00a0 \u00a0 \u00a0 \u00a0 \u00a0 \u00a0 \u00a0 \u00a0 30<\/p>\n<p>Pierette Bidon \u00a0 \u00a0 \u00a0 \u00a0 \u00a0 \u00a0 \u00a0 \u00a0 \u00a0 \u00a0 \u00a0 \u00a0 \u00a0 \u00a0 3<\/p>\n<p>Philippe Gombert \u00a0 \u00a0 \u00a0 \u00a0 \u00a0 \u00a0 \u00a0 \u00a0 \u00a0 \u00a0 \u00a04<\/p>\n<p>Laurence Pache \u00a0 \u00a0 \u00a0 \u00a0 \u00a0 \u00a0 \u00a0 \u00a0 \u00a0 \u00a0 \u00a0 \u00a0 \u00a0 8<\/p>\n<p>C\u00e9cile Pinault \u00a0 \u00a0 \u00a0 \u00a0 \u00a0 \u00a0 \u00a0 \u00a0 \u00a0 \u00a0 \u00a0 \u00a0 \u00a0 \u00a0 \u00a0 \u00a00<\/p>\n<p>Herv\u00e9 Guillaumot \u00a0 \u00a0 \u00a0 \u00a0 \u00a0 \u00a0 \u00a0 \u00a0 \u00a0 \u00a0 \u00a0 2<\/p>\n<p>et une enveloppe vide.<\/p>\n<p>Rendez vous la semaine prochaine pour la conclusion et la fin de ce marathon \u00e9lectoral.<\/p>\n<p>&nbsp;<\/p>\n<p>&nbsp;<\/p>\n<p>&nbsp;<\/p>\n","protected":false},"excerpt":{"rendered":"<p>Emmanuel MACRON a \u00e9t\u00e9 \u00e9lu Pr\u00e9sident de la R\u00e9publique le 7 mai dernier, du moins au niveau national !!! Sous un tr\u00e8s beau soleil, le bureau a ouvert \u00e0 huit heure, fid\u00e8le au poste, Pierrot, Christian, Jean-Fran\u00e7ois et Didier accueillent les \u00a0174 administr\u00e9s. Le dernier inscrit, Alexis, a eu 18 ans le 23 mai 2017. &hellip; <a href=\"https:\/\/www.monteilauvicomte.fr\/?p=1221\" class=\"more-link\">Continuer la lecture de <span class=\"screen-reader-text\">L\u00e9gislative 11 juin 2017 1er tour<\/span>  <span class=\"meta-nav\">&rarr;<\/span><\/a><\/p>\n","protected":false},"author":1,"featured_media":1156,"comment_status":"closed","ping_status":"closed","sticky":false,"template":"","format":"standard","meta":[],"categories":[1],"tags":[],"_links":{"self":[{"href":"https:\/\/www.monteilauvicomte.fr\/index.php?rest_route=\/wp\/v2\/posts\/1221"}],"collection":[{"href":"https:\/\/www.monteilauvicomte.fr\/index.php?rest_route=\/wp\/v2\/posts"}],"about":[{"href":"https:\/\/www.monteilauvicomte.fr\/index.php?rest_route=\/wp\/v2\/types\/post"}],"author":[{"embeddable":true,"href":"https:\/\/www.monteilauvicomte.fr\/index.php?rest_route=\/wp\/v2\/users\/1"}],"replies":[{"embeddable":true,"href":"https:\/\/www.monteilauvicomte.fr\/index.php?rest_route=%2Fwp%2Fv2%2Fcomments&post=1221"}],"version-history":[{"count":31,"href":"https:\/\/www.monteilauvicomte.fr\/index.php?rest_route=\/wp\/v2\/posts\/1221\/revisions"}],"predecessor-version":[{"id":1253,"href":"https:\/\/www.monteilauvicomte.fr\/index.php?rest_route=\/wp\/v2\/posts\/1221\/revisions\/1253"}],"wp:featuredmedia":[{"embeddable":true,"href":"https:\/\/www.monteilauvicomte.fr\/index.php?rest_route=\/wp\/v2\/media\/1156"}],"wp:attachment":[{"href":"https:\/\/www.monteilauvicomte.fr\/index.php?rest_route=%2Fwp%2Fv2%2Fmedia&parent=1221"}],"wp:term":[{"taxonomy":"category","embeddable":true,"href":"https:\/\/www.monteilauvicomte.fr\/index.php?rest_route=%2Fwp%2Fv2%2Fcategories&post=1221"},{"taxonomy":"post_tag","embeddable":true,"href":"https:\/\/www.monteilauvicomte.fr\/index.php?rest_route=%2Fwp%2Fv2%2Ftags&post=1221"}],"curies":[{"name":"wp","href":"https:\/\/api.w.org\/{rel}","templated":true}]}}