{"id":1099,"date":"2017-01-20T14:48:05","date_gmt":"2017-01-20T13:48:05","guid":{"rendered":"http:\/\/www.monteilauvicomte.fr\/?p=1099"},"modified":"2018-03-28T16:55:07","modified_gmt":"2018-03-28T14:55:07","slug":"la-fibre-arrive","status":"publish","type":"post","link":"https:\/\/www.monteilauvicomte.fr\/?p=1099","title":{"rendered":"La fibre arrive"},"content":{"rendered":"<p style=\"text-align: justify;\">On l&rsquo;attend tous devant des mails qui mettent 2 ans \u00e0 se t\u00e9l\u00e9charger.<\/p>\n<p style=\"text-align: justify;\">Le Monteil fait parti du Jalon 1. Le central Internet est situ\u00e9 dans le b\u00e2timent T\u00e9l\u00e9com situ\u00e9 \u00e0 c\u00f4t\u00e9 du cimeti\u00e8re.<\/p>\n<p style=\"text-align: justify;\">Un \u00e9norme engin pose en souterrain les gaines de la fibre vers Vidaillat.<\/p>\n<p style=\"text-align: justify;\"><a href=\"http:\/\/www.monteilauvicomte.fr\/wp-content\/uploads\/2017\/01\/fibre2.jpg\"><img loading=\"lazy\" class=\" size-medium wp-image-1098 aligncenter\" src=\"http:\/\/www.monteilauvicomte.fr\/wp-content\/uploads\/2017\/01\/fibre2-300x225.jpg\" alt=\"fibre2\" width=\"300\" height=\"225\" srcset=\"https:\/\/www.monteilauvicomte.fr\/wp-content\/uploads\/2017\/01\/fibre2-300x225.jpg 300w, https:\/\/www.monteilauvicomte.fr\/wp-content\/uploads\/2017\/01\/fibre2.jpg 653w\" sizes=\"(max-width: 300px) 100vw, 300px\" \/><\/a><\/p>\n<p style=\"text-align: justify;\">Les Supers Octets nous arriveront depuis Chavanat en a\u00e9rien, vous avez vu le s\u00e9v\u00e8re \u00e9lagage qui lib\u00e8re les talus.<\/p>\n<p style=\"text-align: justify;\">De ce c\u00f4t\u00e9 des poteaux porteront le c\u00e2ble magique.<\/p>\n<p style=\"text-align: justify;\">Le d\u00e9bit devrait \u00eatre multipli\u00e9 par 10, un futur bonheur pour mars.<\/p>\n","protected":false},"excerpt":{"rendered":"<p>On l&rsquo;attend tous devant des mails qui mettent 2 ans \u00e0 se t\u00e9l\u00e9charger. Le Monteil fait parti du Jalon 1. Le central Internet est situ\u00e9 dans le b\u00e2timent T\u00e9l\u00e9com situ\u00e9 \u00e0 c\u00f4t\u00e9 du cimeti\u00e8re. Un \u00e9norme engin pose en souterrain les gaines de la fibre vers Vidaillat. Les Supers Octets nous arriveront depuis Chavanat en &hellip; <a href=\"https:\/\/www.monteilauvicomte.fr\/?p=1099\" class=\"more-link\">Continuer la lecture de <span class=\"screen-reader-text\">La fibre arrive<\/span>  <span class=\"meta-nav\">&rarr;<\/span><\/a><\/p>\n","protected":false},"author":1,"featured_media":1097,"comment_status":"closed","ping_status":"closed","sticky":false,"template":"","format":"standard","meta":[],"categories":[1],"tags":[],"_links":{"self":[{"href":"https:\/\/www.monteilauvicomte.fr\/index.php?rest_route=\/wp\/v2\/posts\/1099"}],"collection":[{"href":"https:\/\/www.monteilauvicomte.fr\/index.php?rest_route=\/wp\/v2\/posts"}],"about":[{"href":"https:\/\/www.monteilauvicomte.fr\/index.php?rest_route=\/wp\/v2\/types\/post"}],"author":[{"embeddable":true,"href":"https:\/\/www.monteilauvicomte.fr\/index.php?rest_route=\/wp\/v2\/users\/1"}],"replies":[{"embeddable":true,"href":"https:\/\/www.monteilauvicomte.fr\/index.php?rest_route=%2Fwp%2Fv2%2Fcomments&post=1099"}],"version-history":[{"count":6,"href":"https:\/\/www.monteilauvicomte.fr\/index.php?rest_route=\/wp\/v2\/posts\/1099\/revisions"}],"predecessor-version":[{"id":1108,"href":"https:\/\/www.monteilauvicomte.fr\/index.php?rest_route=\/wp\/v2\/posts\/1099\/revisions\/1108"}],"wp:featuredmedia":[{"embeddable":true,"href":"https:\/\/www.monteilauvicomte.fr\/index.php?rest_route=\/wp\/v2\/media\/1097"}],"wp:attachment":[{"href":"https:\/\/www.monteilauvicomte.fr\/index.php?rest_route=%2Fwp%2Fv2%2Fmedia&parent=1099"}],"wp:term":[{"taxonomy":"category","embeddable":true,"href":"https:\/\/www.monteilauvicomte.fr\/index.php?rest_route=%2Fwp%2Fv2%2Fcategories&post=1099"},{"taxonomy":"post_tag","embeddable":true,"href":"https:\/\/www.monteilauvicomte.fr\/index.php?rest_route=%2Fwp%2Fv2%2Ftags&post=1099"}],"curies":[{"name":"wp","href":"https:\/\/api.w.org\/{rel}","templated":true}]}}