{"id":1072,"date":"2016-11-22T11:00:55","date_gmt":"2016-11-22T10:00:55","guid":{"rendered":"http:\/\/www.monteilauvicomte.fr\/?p=1072"},"modified":"2017-04-27T16:07:51","modified_gmt":"2017-04-27T15:07:51","slug":"extinction-des-lampadaires-de-23-a-6-h","status":"publish","type":"post","link":"https:\/\/www.monteilauvicomte.fr\/?p=1072","title":{"rendered":"Extinction des lampadaires de minuit \u00e0 6 H"},"content":{"rendered":"<p>&nbsp;<\/p>\n<p style=\"text-align: justify;\">Afin de r\u00e9gulariser la gestion de l&rsquo;\u00e9clairage publique, et de faire quelques \u00e9conomies, les lampes s&rsquo;\u00e9teignent toutes \u00e0 minuit, et se remettent en route \u00e0 6 H du matin et cela uniquement dans le Bourg.<\/p>\n<p style=\"text-align: justify;\">Donc il ne s&rsquo;agit pas d&rsquo;une panne.<\/p>\n<p style=\"text-align: justify;\">De plus, il s&rsquo;agit d&rsquo;une condition qui permet d&rsquo;obtenir une tr\u00e8s g\u00e9n\u00e9reuse subvention de la part du Parc National sur la future deuxi\u00e8me tranche de r\u00e9fection de l&rsquo;\u00e9clairage public. Cela pour deux raisons, la premi\u00e8re, facile, des \u00e9conomies d&rsquo;\u00e9nergie, jusqu&rsquo;\u00e0 75%, la deuxi\u00e8me, pour la protection de la faune nocturne (plus de hiboux aveugl\u00e9s par les lampes).<\/p>\n<p style=\"text-align: justify;\">Le projet est consultable en Mairie.<\/p>\n<p style=\"text-align: justify;\">Pour les fans de chiffre, 290 000 \u20ac d&rsquo;enfouissement de lignes \u00e9lectriques, prise en charge \u00e0 100% par le SDEC, et env 50 000 \u20ac de lampadaires \u00e0 LED pris en charge \u00e0 80% par le PNR.<\/p>\n<p style=\"text-align: justify;\">Oy\u00e9 Oy\u00e9, Citoyens du Monteil Dormez en paix.<\/p>\n","protected":false},"excerpt":{"rendered":"<p>&nbsp; Afin de r\u00e9gulariser la gestion de l&rsquo;\u00e9clairage publique, et de faire quelques \u00e9conomies, les lampes s&rsquo;\u00e9teignent toutes \u00e0 minuit, et se remettent en route \u00e0 6 H du matin et cela uniquement dans le Bourg. Donc il ne s&rsquo;agit pas d&rsquo;une panne. De plus, il s&rsquo;agit d&rsquo;une condition qui permet d&rsquo;obtenir une tr\u00e8s g\u00e9n\u00e9reuse &hellip; <a href=\"https:\/\/www.monteilauvicomte.fr\/?p=1072\" class=\"more-link\">Continuer la lecture de <span class=\"screen-reader-text\">Extinction des lampadaires de minuit \u00e0 6 H<\/span>  <span class=\"meta-nav\">&rarr;<\/span><\/a><\/p>\n","protected":false},"author":1,"featured_media":1076,"comment_status":"closed","ping_status":"closed","sticky":false,"template":"","format":"standard","meta":[],"categories":[1],"tags":[],"_links":{"self":[{"href":"https:\/\/www.monteilauvicomte.fr\/index.php?rest_route=\/wp\/v2\/posts\/1072"}],"collection":[{"href":"https:\/\/www.monteilauvicomte.fr\/index.php?rest_route=\/wp\/v2\/posts"}],"about":[{"href":"https:\/\/www.monteilauvicomte.fr\/index.php?rest_route=\/wp\/v2\/types\/post"}],"author":[{"embeddable":true,"href":"https:\/\/www.monteilauvicomte.fr\/index.php?rest_route=\/wp\/v2\/users\/1"}],"replies":[{"embeddable":true,"href":"https:\/\/www.monteilauvicomte.fr\/index.php?rest_route=%2Fwp%2Fv2%2Fcomments&post=1072"}],"version-history":[{"count":9,"href":"https:\/\/www.monteilauvicomte.fr\/index.php?rest_route=\/wp\/v2\/posts\/1072\/revisions"}],"predecessor-version":[{"id":1084,"href":"https:\/\/www.monteilauvicomte.fr\/index.php?rest_route=\/wp\/v2\/posts\/1072\/revisions\/1084"}],"wp:featuredmedia":[{"embeddable":true,"href":"https:\/\/www.monteilauvicomte.fr\/index.php?rest_route=\/wp\/v2\/media\/1076"}],"wp:attachment":[{"href":"https:\/\/www.monteilauvicomte.fr\/index.php?rest_route=%2Fwp%2Fv2%2Fmedia&parent=1072"}],"wp:term":[{"taxonomy":"category","embeddable":true,"href":"https:\/\/www.monteilauvicomte.fr\/index.php?rest_route=%2Fwp%2Fv2%2Fcategories&post=1072"},{"taxonomy":"post_tag","embeddable":true,"href":"https:\/\/www.monteilauvicomte.fr\/index.php?rest_route=%2Fwp%2Fv2%2Ftags&post=1072"}],"curies":[{"name":"wp","href":"https:\/\/api.w.org\/{rel}","templated":true}]}}