{"id":1043,"date":"2016-08-30T11:04:50","date_gmt":"2016-08-30T09:04:50","guid":{"rendered":"http:\/\/www.monteilauvicomte.fr\/?p=1043"},"modified":"2017-01-22T14:09:34","modified_gmt":"2017-01-22T12:09:34","slug":"un-citoyen-mecontent","status":"publish","type":"post","link":"https:\/\/www.monteilauvicomte.fr\/?p=1043","title":{"rendered":"Un citoyen m\u00e9content !!!"},"content":{"rendered":"<p style=\"text-align: justify;\">Un citoyen m\u00e9content est rentr\u00e9 \u00e0 la Mairie et a tout cass\u00e9.<\/p>\n<p style=\"text-align: justify;\"><a href=\"http:\/\/www.monteilauvicomte.fr\/wp-content\/uploads\/2016\/08\/Case-chemin\u00e9e.jpg\"><img loading=\"lazy\" class=\"  wp-image-1045 aligncenter\" src=\"http:\/\/www.monteilauvicomte.fr\/wp-content\/uploads\/2016\/08\/Case-chemin\u00e9e-300x225.jpg\" alt=\"Case chemin\u00e9e\" width=\"395\" height=\"296\" srcset=\"https:\/\/www.monteilauvicomte.fr\/wp-content\/uploads\/2016\/08\/Case-chemin\u00e9e-300x225.jpg 300w, https:\/\/www.monteilauvicomte.fr\/wp-content\/uploads\/2016\/08\/Case-chemin\u00e9e.jpg 816w\" sizes=\"(max-width: 395px) 100vw, 395px\" \/><\/a><\/p>\n<p style=\"text-align: justify;\">Bien entendu \u00a0ce bien connu habitant du Monteil n&rsquo;a rien contre notre Maison commune. Il s&rsquo;est au contrairement durement battu contre la presque centenaire chemin\u00e9e.<\/p>\n<p style=\"text-align: justify;\">Le projet a \u00e9t\u00e9 initi\u00e9 par la mise en conformit\u00e9 de votre Mairie vis \u00e0 vis de la loi \u00ab\u00a0Handicap\u00a0\u00bb. Le comptoir existant \u00e9tant trop haut.\u00a0Le Conseil Municipal a d\u00e9cid\u00e9 de profiter de l&rsquo;occasion pour donner un coup de fra\u00eecheur.<\/p>\n<p style=\"text-align: justify;\">La Poste change son mobilier (adapt\u00e9 handicap) et participe aux travaux. La suppression de la chemin\u00e9e a permis d&rsquo;agrandir le bureau de la secr\u00e9taire et l&rsquo;\u00e9lectricit\u00e9 a \u00e9t\u00e9 aussi mis aux normes.<\/p>\n<p style=\"text-align: justify;\">L&rsquo;Etat, par le biais de la DETR a \u00a0aid\u00e9 au financement de tous ces travaux.<\/p>\n<p style=\"text-align: justify;\">L&rsquo;entreprise RATON a fait le gros oeuvre et l&rsquo;\u00e9lectricit\u00e9, et la SAS TOURRET toutes les peintures.<\/p>\n<p style=\"text-align: justify;\">Vous serez \u00a0invit\u00e9s pour l&rsquo;inauguration de nos nouveaux locaux ult\u00e9rieurement.<\/p>\n","protected":false},"excerpt":{"rendered":"<p>Un citoyen m\u00e9content est rentr\u00e9 \u00e0 la Mairie et a tout cass\u00e9. Bien entendu \u00a0ce bien connu habitant du Monteil n&rsquo;a rien contre notre Maison commune. Il s&rsquo;est au contrairement durement battu contre la presque centenaire chemin\u00e9e. Le projet a \u00e9t\u00e9 initi\u00e9 par la mise en conformit\u00e9 de votre Mairie vis \u00e0 vis de la &hellip; <a href=\"https:\/\/www.monteilauvicomte.fr\/?p=1043\" class=\"more-link\">Continuer la lecture de <span class=\"screen-reader-text\">Un citoyen m\u00e9content !!!<\/span>  <span class=\"meta-nav\">&rarr;<\/span><\/a><\/p>\n","protected":false},"author":1,"featured_media":364,"comment_status":"closed","ping_status":"closed","sticky":false,"template":"","format":"standard","meta":[],"categories":[1],"tags":[],"_links":{"self":[{"href":"https:\/\/www.monteilauvicomte.fr\/index.php?rest_route=\/wp\/v2\/posts\/1043"}],"collection":[{"href":"https:\/\/www.monteilauvicomte.fr\/index.php?rest_route=\/wp\/v2\/posts"}],"about":[{"href":"https:\/\/www.monteilauvicomte.fr\/index.php?rest_route=\/wp\/v2\/types\/post"}],"author":[{"embeddable":true,"href":"https:\/\/www.monteilauvicomte.fr\/index.php?rest_route=\/wp\/v2\/users\/1"}],"replies":[{"embeddable":true,"href":"https:\/\/www.monteilauvicomte.fr\/index.php?rest_route=%2Fwp%2Fv2%2Fcomments&post=1043"}],"version-history":[{"count":5,"href":"https:\/\/www.monteilauvicomte.fr\/index.php?rest_route=\/wp\/v2\/posts\/1043\/revisions"}],"predecessor-version":[{"id":1052,"href":"https:\/\/www.monteilauvicomte.fr\/index.php?rest_route=\/wp\/v2\/posts\/1043\/revisions\/1052"}],"wp:featuredmedia":[{"embeddable":true,"href":"https:\/\/www.monteilauvicomte.fr\/index.php?rest_route=\/wp\/v2\/media\/364"}],"wp:attachment":[{"href":"https:\/\/www.monteilauvicomte.fr\/index.php?rest_route=%2Fwp%2Fv2%2Fmedia&parent=1043"}],"wp:term":[{"taxonomy":"category","embeddable":true,"href":"https:\/\/www.monteilauvicomte.fr\/index.php?rest_route=%2Fwp%2Fv2%2Fcategories&post=1043"},{"taxonomy":"post_tag","embeddable":true,"href":"https:\/\/www.monteilauvicomte.fr\/index.php?rest_route=%2Fwp%2Fv2%2Ftags&post=1043"}],"curies":[{"name":"wp","href":"https:\/\/api.w.org\/{rel}","templated":true}]}}